{"id":270,"date":"2020-05-13T10:32:49","date_gmt":"2020-05-13T10:32:49","guid":{"rendered":"https:\/\/rosarafrauen.ch\/?p=270"},"modified":"2020-05-13T11:31:20","modified_gmt":"2020-05-13T11:31:20","slug":"starke-frauen","status":"publish","type":"post","link":"https:\/\/rosarafrauen.ch\/?p=270","title":{"rendered":"Starke Frauen"},"content":{"rendered":"\n<figure class=\"wp-container-2 wp-block-gallery-1 wp-block-gallery columns-1 is-cropped\"><ul class=\"blocks-gallery-grid\"><li class=\"blocks-gallery-item\"><figure><img loading=\"lazy\" width=\"1024\" height=\"369\" src=\"https:\/\/rosarafrauen.ch\/wp-content\/uploads\/2020\/05\/Schatten-1024x369.jpg\" alt=\"\" data-id=\"271\" data-full-url=\"https:\/\/rosarafrauen.ch\/wp-content\/uploads\/2020\/05\/Schatten.jpg\" data-link=\"https:\/\/rosarafrauen.ch\/?attachment_id=271\" class=\"wp-image-271\" srcset=\"https:\/\/rosarafrauen.ch\/wp-content\/uploads\/2020\/05\/Schatten-1024x369.jpg 1024w, https:\/\/rosarafrauen.ch\/wp-content\/uploads\/2020\/05\/Schatten-300x108.jpg 300w, https:\/\/rosarafrauen.ch\/wp-content\/uploads\/2020\/05\/Schatten-768x277.jpg 768w, https:\/\/rosarafrauen.ch\/wp-content\/uploads\/2020\/05\/Schatten-1536x554.jpg 1536w, https:\/\/rosarafrauen.ch\/wp-content\/uploads\/2020\/05\/Schatten.jpg 1720w\" sizes=\"(max-width: 767px) 89vw, (max-width: 1000px) 54vw, (max-width: 1071px) 543px, 580px\" \/><\/figure><\/li><\/ul><figcaption class=\"blocks-gallery-caption\">Frau, Leben, Freiheit!<\/figcaption><\/figure>\n\n\n\n<p>Projekt \u201eStarkes Selbstbewusstsein &#8211; Starke Frauen!\u201c<br>Bildungs-Freizeit f\u00fcr junge und erwachsene Frauen mit und ohne Migrationshintergrund<\/p>\n\n\n\n<!--more-->\n\n\n\n<p><strong>Rosara Frauenzentum<\/strong><br>Rosara ist eine Non-Profit-Organisation und wurde 2018 als gemeinn\u00fctziger Verein von und f\u00fcr Frauen gegr\u00fcndet. Der Frauenverein Rosara ist ein Ort der Begegnung f\u00fcr Frauen jeden Alters und jeder Nationalit\u00e4t. Sie ist ein Treffpunkt unabh\u00e4ngig von sozialer Situation, Religion und Weltanschauung auf der Basis von Toleranz und gegenseitigem Respekt.<br>Rosara verfolgt folgende Ziele: der F\u00f6rderung von Bildung und Erziehung, die Verwirklichung der Gleichberechtigung von M\u00e4nnern und Frauen sowie St\u00e4rkung und F\u00f6rderung des internationalen, interkulturellen Austausches und der V\u00f6lkerverst\u00e4ndigung. Um diese Ziele erreichen zu k\u00f6nnen bieten wir f\u00fcr Frauen Bildungs- und Freizeitangebote an, in denen sie ihre pers\u00f6nlichen St\u00e4rken, F\u00e4higkeiten und Begabungen entdecken und entfalten k\u00f6nnen, die sie in ihrem Selbstbewusstsein und ihrer Ausdruckskraft st\u00e4rken und in denen sich Frauen verschiedener Herkunft und Kulturen begegnen k\u00f6nnen. Ein wichtiger Punkt ist zus\u00e4tzlich, dass die Begegnung im Frauenverein ein sch\u00fctzender Rahmen f\u00fcr Frauen mit Migrationshintergrund ist, in dem sie ihre Gewalt-, Kriegs- und Migrationserfahrungen bew\u00e4ltigen k\u00f6nnen.<\/p>\n\n\n\n<p><strong>Projektbeschreibung<\/strong><br>Rosara plant eine Bildungswoche f\u00fcr junge und erwachsene Frauen. Im viert\u00e4gigen Bildungsprogramm werden verschiedene Seminare durchgef\u00fchrt, Kultur- und Freizeitaktivit\u00e4ten angeboten. Thema des Bildungsprogramms ist \u201eStarkes Selbstbewusstsein &#8211; Starke Frauen!\u201c. Das Seminar wurde konzipiert, um das Selbstbewusstsein und die F\u00e4higkeit der Selbstbehauptung der junge und erwachsene Frauen auch in schwierigen Situationen zu st\u00e4rken und zu f\u00f6rdern. Inhaltlich sind dazu drei Bildungseinheiten geplant:<\/p>\n\n\n\n<p><em>A) Rollenhinterfragung und Geschlechterverh\u00e4ltnis<br>B) Gewaltformen gegen Frauen Selbstverteidigungstechniken<br><\/em><\/p>\n\n\n\n<p><strong>A) Rollenhinterfragung und Geschlechterverh\u00e4ltnis<\/strong><br>Frauen insbesondere junge Frauen kennen oft nur wenige Vorbilder, an denen sie sich orientieren k\u00f6nnen. Diese Unsicherheit f\u00fchrt dazu, dass junge und erwachsene Frauen weniger an der Gesellschaft partizipieren. Sie sind hin und her gerissen zwischen klassischen\/ traditionellen Rollenbildern und zunehmend emanzipatorischen Frauenbildern. Dies erschwert besonders die Entwicklung einer eigenen Pers\u00f6nlichkeit und Selbstbewusstsein. Eine Identit\u00e4tsbildung anhand potentieller positiver Vorbilder aus engagierten emanzipierten Frauen und M\u00e4nnern ist notwendig, um das Selbstvertrauen und die Pers\u00f6nlichkeit und damit die Partizipation an der Gesellschaft zu f\u00f6rdern.<\/p>\n\n\n\n<p><strong>B) Gewalt gegen Frauen und Selbstverteidigung<\/strong><br>WenDo ist eine von Frauen f\u00fcr Frauen entwickelte Form der Selbstverteidigung, die auf Selbstbehauptung und Verteidigungstechniken basiert.<br>Gewalterfahrungen sei es aufgrund von Sexismus und \/ oder Rassismus bewirkt bekanntermassen einen R\u00fcckzug aus der Gesellschaft. Deswegen ist es unbedingt notwendig, die junge und erwachsene Frauen darin zu st\u00e4rken, wie sie bez\u00fcglich solcher Gewalterfahrungen pr\u00e4ventiv vorgehen k\u00f6nnen, um sich selber zu sch\u00fctzen. Besonders in unserer bisherigen Arbeit mit Frauen haben wir festgestellt, dass das Bewusstsein \u00fcber Gewaltarten und Selbstverteidigungsstrategien die St\u00e4rkung von junge und erwachsene Frauen erm\u00f6glicht, und sie dadurch motiviert sind Meinungen und Interessen in gesellschaftspolitische Prozesse einzubringen und sich getrauen, sie \u00f6ffentlich zu vertreten.<\/p>\n\n\n\n<p><strong>Ziele des Projektes:<\/strong><br>\u2022 Empowerment der Teilnehmerinnen<br>\uf0f0 WenDo Selbstverteidigung f\u00fcr Teilnehmerinnen<br>\uf0f0 St\u00e4rkung der pers\u00f6nlichen Identit\u00e4t und des Selbstvertrauens der Teilnehmerinnen<br>\uf0f0 F\u00f6rderung des Bewusstseins f\u00fcr individuelle und gemeinsame St\u00e4rken und Potenziale<br>\uf0f0 Entdeckung und Entwicklung eigener Talente, Begabungen und F\u00e4higkeiten<br>\u2022 F\u00f6rderung der Partizipation Teilnehmerinnen an der Gesellschaft<br>\uf0f0 Aufl\u00f6sung von ethnisch-kulturelle Gruppenstrukturen zugunsten eines interkulturellen Miteinander<br>\uf0f0 F\u00f6rderung der interkulturellen \u00d6ffnung unter Teilnehmerinnen mit und ohne Migrationshintergrund<br>\u2022 Aufkl\u00e4rung \u00fcber Gewaltformen und F\u00f6rderung der Gewaltpr\u00e4vention<br>\uf0f0 Motivation f\u00fcr das Engagement gegen Gewalt und F\u00f6rderung zur Pr\u00e4vention<br>\uf0f0 positive gemeinsame Lernerfahrungen unter den Teilnehmerinnen schaffen<\/p>\n\n\n\n<p><strong>Zielgruppe<\/strong><br>Das Bildungsprogramm richtet sich an junge und erwachsene Frauen mit und ohne Migrationshintergrund. Zielgruppe sind insbesondere junge und erwachsene Frauen, die aus finanziellen oder famili\u00e4ren Gr\u00fcnden selten die M\u00f6glichkeit haben an alternativen Bildungsangeboten teilzunehmen zu k\u00f6nnen. Deswegen bem\u00fchen wir uns, den Unkostenbeitrag f\u00fcr die Teilnehmerinnen der Bildungsfreizeit m\u00f6glichst niedrig zu halten. Bevorzugt werden Anmeldungen von jungen Frauen, die an sonstigen Aktivit\u00e4ten aufgrund von religi\u00f6sen, kulturellen oder sozialen Vorbehalten nicht teilnehmen k\u00f6nnen, deren Familien die Teilnahmen an unserem Angebot aufgrund des gewonnenen Vertrauensvorschuss unserer muttersprachlichen Arbeit erlauben.<\/p>\n\n\n\n<p><strong>Methodik<\/strong><br>Das Bildungsprogramm wird methodisch in drei Seminareinheiten organisiert. Die jungen und erwachsenen Frauen sollen sich die Themen weitestgehend selbst erarbeiten. Erg\u00e4nzend finden Input-Referate und angeleitete Gruppendiskussionen statt. So lernen die jungen und erwachsene Frauen sich Wissen selber anzueignen und ihre Meinungen auch in der Gruppe zu vertreten und auszutauschen. Die Seminarsprache ist Deutsch, bei Bedarf werden die Seminareinheiten in anderen Sprachen \u00fcbersetzt werden.<\/p>\n\n\n\n<p>F\u00fcr mehr Informationen k\u00f6nnen Sie mit uns Kontakt aufnehmen. <\/p>\n","protected":false},"excerpt":{"rendered":"<p>Projekt \u201eStarkes Selbstbewusstsein &#8211; Starke Frauen!\u201cBildungs-Freizeit f\u00fcr junge und erwachsene Frauen mit und ohne Migrationshintergrund<\/p>\n","protected":false},"author":1,"featured_media":0,"comment_status":"closed","ping_status":"closed","sticky":false,"template":"","format":"standard","meta":[],"categories":[4],"tags":[39,36,34,28,41,26,35,7,30,25,40,31,27,24,15,33,11,21,23,22,32,38,37,20,29],"yoast_head":"<!-- This site is optimized with the Yoast SEO plugin v19.5.1 - https:\/\/yoast.com\/wordpress\/plugins\/seo\/ -->\n<title>Starke Frauen - rosarafrauen.ch<\/title>\n<meta name=\"robots\" content=\"index, follow, max-snippet:-1, max-image-preview:large, max-video-preview:-1\" \/>\n<link rel=\"canonical\" href=\"https:\/\/rosarafrauen.ch\/?p=270\" \/>\n<meta property=\"og:locale\" content=\"de_DE\" \/>\n<meta property=\"og:type\" content=\"article\" \/>\n<meta property=\"og:title\" content=\"Starke Frauen - rosarafrauen.ch\" \/>\n<meta property=\"og:description\" content=\"Projekt \u201eStarkes Selbstbewusstsein &#8211; Starke Frauen!\u201cBildungs-Freizeit f\u00fcr junge und erwachsene Frauen mit und ohne Migrationshintergrund\" \/>\n<meta property=\"og:url\" content=\"https:\/\/rosarafrauen.ch\/?p=270\" \/>\n<meta property=\"og:site_name\" content=\"rosarafrauen.ch\" \/>\n<meta property=\"article:published_time\" content=\"2020-05-13T10:32:49+00:00\" \/>\n<meta property=\"article:modified_time\" content=\"2020-05-13T11:31:20+00:00\" \/>\n<meta property=\"og:image\" content=\"https:\/\/rosarafrauen.ch\/wp-content\/uploads\/2020\/05\/Schatten-1024x369.jpg\" \/>\n<meta name=\"author\" content=\"rosarafrauen.ch\" \/>\n<meta name=\"twitter:card\" content=\"summary_large_image\" \/>\n<meta name=\"twitter:label1\" content=\"Verfasst von\" \/>\n\t<meta name=\"twitter:data1\" content=\"rosarafrauen.ch\" \/>\n\t<meta name=\"twitter:label2\" content=\"Gesch\u00e4tzte Lesezeit\" \/>\n\t<meta name=\"twitter:data2\" content=\"4\u00a0Minuten\" \/>\n<script type=\"application\/ld+json\" class=\"yoast-schema-graph\">{\"@context\":\"https:\/\/schema.org\",\"@graph\":[{\"@type\":\"Article\",\"@id\":\"https:\/\/rosarafrauen.ch\/?p=270#article\",\"isPartOf\":{\"@id\":\"https:\/\/rosarafrauen.ch\/?p=270\"},\"author\":{\"name\":\"rosarafrauen.ch\",\"@id\":\"https:\/\/rosarafrauen.ch\/#\/schema\/person\/480cf06891e4c637752d55e9aecd2018\"},\"headline\":\"Starke Frauen\",\"datePublished\":\"2020-05-13T10:32:49+00:00\",\"dateModified\":\"2020-05-13T11:31:20+00:00\",\"mainEntityOfPage\":{\"@id\":\"https:\/\/rosarafrauen.ch\/?p=270\"},\"wordCount\":761,\"publisher\":{\"@id\":\"https:\/\/rosarafrauen.ch\/#organization\"},\"keywords\":[\"alter\",\"basis\",\"begegnung\",\"bildung\",\"bildungprogramm\",\"erwachsene\",\"f\u00f6rderung\",\"Frauen\",\"fraulebenfreiheit\",\"freizeit\",\"gleichberechtigung\",\"leben\",\"m\u00e4dchen\",\"migration\",\"Projekt\",\"respekt\",\"RoSara\",\"selbstverteidugung\",\"stark\",\"streik\",\"toleranz\",\"verwirklichung\",\"weltanschauung\",\"Wen-do\",\"wochenende\"],\"articleSection\":[\"Aktivit\u00e4ten &amp; Projekte\"],\"inLanguage\":\"de\"},{\"@type\":\"WebPage\",\"@id\":\"https:\/\/rosarafrauen.ch\/?p=270\",\"url\":\"https:\/\/rosarafrauen.ch\/?p=270\",\"name\":\"Starke Frauen - rosarafrauen.ch\",\"isPartOf\":{\"@id\":\"https:\/\/rosarafrauen.ch\/#website\"},\"datePublished\":\"2020-05-13T10:32:49+00:00\",\"dateModified\":\"2020-05-13T11:31:20+00:00\",\"breadcrumb\":{\"@id\":\"https:\/\/rosarafrauen.ch\/?p=270#breadcrumb\"},\"inLanguage\":\"de\",\"potentialAction\":[{\"@type\":\"ReadAction\",\"target\":[\"https:\/\/rosarafrauen.ch\/?p=270\"]}]},{\"@type\":\"BreadcrumbList\",\"@id\":\"https:\/\/rosarafrauen.ch\/?p=270#breadcrumb\",\"itemListElement\":[{\"@type\":\"ListItem\",\"position\":1,\"name\":\"Home\",\"item\":\"https:\/\/rosarafrauen.ch\/\"},{\"@type\":\"ListItem\",\"position\":2,\"name\":\"Starke Frauen\"}]},{\"@type\":\"WebSite\",\"@id\":\"https:\/\/rosarafrauen.ch\/#website\",\"url\":\"https:\/\/rosarafrauen.ch\/\",\"name\":\"rosarafrauen.ch\",\"description\":\"rosarajin.ch\",\"publisher\":{\"@id\":\"https:\/\/rosarafrauen.ch\/#organization\"},\"potentialAction\":[{\"@type\":\"SearchAction\",\"target\":{\"@type\":\"EntryPoint\",\"urlTemplate\":\"https:\/\/rosarafrauen.ch\/?s={search_term_string}\"},\"query-input\":\"required name=search_term_string\"}],\"inLanguage\":\"de\"},{\"@type\":\"Organization\",\"@id\":\"https:\/\/rosarafrauen.ch\/#organization\",\"name\":\"rosarafrauen.ch\",\"url\":\"https:\/\/rosarafrauen.ch\/\",\"sameAs\":[],\"logo\":{\"@type\":\"ImageObject\",\"inLanguage\":\"de\",\"@id\":\"https:\/\/rosarafrauen.ch\/#\/schema\/logo\/image\/\",\"url\":\"https:\/\/rosarafrauen.ch\/wp-content\/uploads\/2019\/06\/cropped-Rosara-Logo-Onay.gif\",\"contentUrl\":\"https:\/\/rosarafrauen.ch\/wp-content\/uploads\/2019\/06\/cropped-Rosara-Logo-Onay.gif\",\"width\":857,\"height\":250,\"caption\":\"rosarafrauen.ch\"},\"image\":{\"@id\":\"https:\/\/rosarafrauen.ch\/#\/schema\/logo\/image\/\"}},{\"@type\":\"Person\",\"@id\":\"https:\/\/rosarafrauen.ch\/#\/schema\/person\/480cf06891e4c637752d55e9aecd2018\",\"name\":\"rosarafrauen.ch\",\"image\":{\"@type\":\"ImageObject\",\"inLanguage\":\"de\",\"@id\":\"https:\/\/rosarafrauen.ch\/#\/schema\/person\/image\/\",\"url\":\"https:\/\/secure.gravatar.com\/avatar\/71f7b86304efbdde940047b3485f09bd?s=96&d=mm&r=g\",\"contentUrl\":\"https:\/\/secure.gravatar.com\/avatar\/71f7b86304efbdde940047b3485f09bd?s=96&d=mm&r=g\",\"caption\":\"rosarafrauen.ch\"},\"url\":\"https:\/\/rosarafrauen.ch\/?author=1\"}]}<\/script>\n<!-- \/ Yoast SEO plugin. -->","yoast_head_json":{"title":"Starke Frauen - rosarafrauen.ch","robots":{"index":"index","follow":"follow","max-snippet":"max-snippet:-1","max-image-preview":"max-image-preview:large","max-video-preview":"max-video-preview:-1"},"canonical":"https:\/\/rosarafrauen.ch\/?p=270","og_locale":"de_DE","og_type":"article","og_title":"Starke Frauen - rosarafrauen.ch","og_description":"Projekt \u201eStarkes Selbstbewusstsein &#8211; Starke Frauen!\u201cBildungs-Freizeit f\u00fcr junge und erwachsene Frauen mit und ohne Migrationshintergrund","og_url":"https:\/\/rosarafrauen.ch\/?p=270","og_site_name":"rosarafrauen.ch","article_published_time":"2020-05-13T10:32:49+00:00","article_modified_time":"2020-05-13T11:31:20+00:00","og_image":[{"url":"https:\/\/rosarafrauen.ch\/wp-content\/uploads\/2020\/05\/Schatten-1024x369.jpg"}],"author":"rosarafrauen.ch","twitter_card":"summary_large_image","twitter_misc":{"Verfasst von":"rosarafrauen.ch","Gesch\u00e4tzte Lesezeit":"4\u00a0Minuten"},"schema":{"@context":"https:\/\/schema.org","@graph":[{"@type":"Article","@id":"https:\/\/rosarafrauen.ch\/?p=270#article","isPartOf":{"@id":"https:\/\/rosarafrauen.ch\/?p=270"},"author":{"name":"rosarafrauen.ch","@id":"https:\/\/rosarafrauen.ch\/#\/schema\/person\/480cf06891e4c637752d55e9aecd2018"},"headline":"Starke Frauen","datePublished":"2020-05-13T10:32:49+00:00","dateModified":"2020-05-13T11:31:20+00:00","mainEntityOfPage":{"@id":"https:\/\/rosarafrauen.ch\/?p=270"},"wordCount":761,"publisher":{"@id":"https:\/\/rosarafrauen.ch\/#organization"},"keywords":["alter","basis","begegnung","bildung","bildungprogramm","erwachsene","f\u00f6rderung","Frauen","fraulebenfreiheit","freizeit","gleichberechtigung","leben","m\u00e4dchen","migration","Projekt","respekt","RoSara","selbstverteidugung","stark","streik","toleranz","verwirklichung","weltanschauung","Wen-do","wochenende"],"articleSection":["Aktivit\u00e4ten &amp; Projekte"],"inLanguage":"de"},{"@type":"WebPage","@id":"https:\/\/rosarafrauen.ch\/?p=270","url":"https:\/\/rosarafrauen.ch\/?p=270","name":"Starke Frauen - rosarafrauen.ch","isPartOf":{"@id":"https:\/\/rosarafrauen.ch\/#website"},"datePublished":"2020-05-13T10:32:49+00:00","dateModified":"2020-05-13T11:31:20+00:00","breadcrumb":{"@id":"https:\/\/rosarafrauen.ch\/?p=270#breadcrumb"},"inLanguage":"de","potentialAction":[{"@type":"ReadAction","target":["https:\/\/rosarafrauen.ch\/?p=270"]}]},{"@type":"BreadcrumbList","@id":"https:\/\/rosarafrauen.ch\/?p=270#breadcrumb","itemListElement":[{"@type":"ListItem","position":1,"name":"Home","item":"https:\/\/rosarafrauen.ch\/"},{"@type":"ListItem","position":2,"name":"Starke Frauen"}]},{"@type":"WebSite","@id":"https:\/\/rosarafrauen.ch\/#website","url":"https:\/\/rosarafrauen.ch\/","name":"rosarafrauen.ch","description":"rosarajin.ch","publisher":{"@id":"https:\/\/rosarafrauen.ch\/#organization"},"potentialAction":[{"@type":"SearchAction","target":{"@type":"EntryPoint","urlTemplate":"https:\/\/rosarafrauen.ch\/?s={search_term_string}"},"query-input":"required name=search_term_string"}],"inLanguage":"de"},{"@type":"Organization","@id":"https:\/\/rosarafrauen.ch\/#organization","name":"rosarafrauen.ch","url":"https:\/\/rosarafrauen.ch\/","sameAs":[],"logo":{"@type":"ImageObject","inLanguage":"de","@id":"https:\/\/rosarafrauen.ch\/#\/schema\/logo\/image\/","url":"https:\/\/rosarafrauen.ch\/wp-content\/uploads\/2019\/06\/cropped-Rosara-Logo-Onay.gif","contentUrl":"https:\/\/rosarafrauen.ch\/wp-content\/uploads\/2019\/06\/cropped-Rosara-Logo-Onay.gif","width":857,"height":250,"caption":"rosarafrauen.ch"},"image":{"@id":"https:\/\/rosarafrauen.ch\/#\/schema\/logo\/image\/"}},{"@type":"Person","@id":"https:\/\/rosarafrauen.ch\/#\/schema\/person\/480cf06891e4c637752d55e9aecd2018","name":"rosarafrauen.ch","image":{"@type":"ImageObject","inLanguage":"de","@id":"https:\/\/rosarafrauen.ch\/#\/schema\/person\/image\/","url":"https:\/\/secure.gravatar.com\/avatar\/71f7b86304efbdde940047b3485f09bd?s=96&d=mm&r=g","contentUrl":"https:\/\/secure.gravatar.com\/avatar\/71f7b86304efbdde940047b3485f09bd?s=96&d=mm&r=g","caption":"rosarafrauen.ch"},"url":"https:\/\/rosarafrauen.ch\/?author=1"}]}},"jetpack_featured_media_url":"","_links":{"self":[{"href":"https:\/\/rosarafrauen.ch\/index.php?rest_route=\/wp\/v2\/posts\/270"}],"collection":[{"href":"https:\/\/rosarafrauen.ch\/index.php?rest_route=\/wp\/v2\/posts"}],"about":[{"href":"https:\/\/rosarafrauen.ch\/index.php?rest_route=\/wp\/v2\/types\/post"}],"author":[{"embeddable":true,"href":"https:\/\/rosarafrauen.ch\/index.php?rest_route=\/wp\/v2\/users\/1"}],"replies":[{"embeddable":true,"href":"https:\/\/rosarafrauen.ch\/index.php?rest_route=%2Fwp%2Fv2%2Fcomments&post=270"}],"version-history":[{"count":2,"href":"https:\/\/rosarafrauen.ch\/index.php?rest_route=\/wp\/v2\/posts\/270\/revisions"}],"predecessor-version":[{"id":273,"href":"https:\/\/rosarafrauen.ch\/index.php?rest_route=\/wp\/v2\/posts\/270\/revisions\/273"}],"wp:attachment":[{"href":"https:\/\/rosarafrauen.ch\/index.php?rest_route=%2Fwp%2Fv2%2Fmedia&parent=270"}],"wp:term":[{"taxonomy":"category","embeddable":true,"href":"https:\/\/rosarafrauen.ch\/index.php?rest_route=%2Fwp%2Fv2%2Fcategories&post=270"},{"taxonomy":"post_tag","embeddable":true,"href":"https:\/\/rosarafrauen.ch\/index.php?rest_route=%2Fwp%2Fv2%2Ftags&post=270"}],"curies":[{"name":"wp","href":"https:\/\/api.w.org\/{rel}","templated":true}]}}